{"id":400,"date":"2023-10-08T14:18:00","date_gmt":"2023-10-08T12:18:00","guid":{"rendered":"https:\/\/arantxah1.sg-host.com\/blog\/?p=3250"},"modified":"2025-10-10T11:35:16","modified_gmt":"2025-10-10T09:35:16","slug":"para-tu-bebe-saco-o-edredon-de-cuna","status":"publish","type":"post","link":"https:\/\/www.beds.es\/blog\/para-tu-bebe-saco-o-edredon-de-cuna\/","title":{"rendered":"Para tu beb\u00e9, \u00bfsaco o edred\u00f3n de cuna?"},"content":{"rendered":"<p><span style=\"font-weight: 400;\"><strong>Llega el fr\u00edo y con \u00e9l las dudas en cuanto al bienestar de los m\u00e1s peques; \u00bfc\u00f3mo abrigo a mi beb\u00e9 por las noches? \u00bfPasar\u00e1 fr\u00edo o pasar\u00e1 calor? No te preocupes, hoy te hablamos sobre los distintos tipos de ropa de cama para cuna.<\/strong>\u00a0<\/span><\/p>\n<p><span style=\"font-weight: 400;\">Hace unos d\u00edas, hablamos de <\/span><a href=\"https:\/\/beds.es\/blog\/blog\/preparar-habitacion-del-bebe\/\" target=\"_blank\" rel=\"noopener\"><span style=\"font-weight: 400;\">c\u00f3mo preparar una habitaci\u00f3n de beb\u00e9 perfecta<\/span><\/a><span style=\"font-weight: 400;\">. Hoy, sin embargo, te contamos c\u00f3mo puedes preparar su <strong>cuna<\/strong> de cara a las noches m\u00e1s fr\u00edas del a\u00f1o. Siempre pensando en asegurar el mejor descanso para su bienestar f\u00edsico y emocional, porque el descanso, como bien sabes, es salud \ud83d\ude42<\/span><\/p>\n<h2><span style=\"font-weight: 400;\">Ropa de cama para tu beb\u00e9<\/span><\/h2>\n<p><span style=\"font-weight: 400;\">Antes de hablar de los <strong>distintos tipos de ropa de cama<\/strong>, piensa en el <strong>colch\u00f3n de cuna<\/strong> que mejor se amolda a las necesidades de tu beb\u00e9. En el siguiente <\/span><a href=\"https:\/\/beds.es\/blog\/como-elegir-un-colchon-para-bebes\/\" target=\"_blank\" rel=\"noopener\"><span style=\"font-weight: 400;\">enlace<\/span><\/a><span style=\"font-weight: 400;\"> encontrar\u00e1s la gu\u00eda pr\u00e1ctica que hemos dise\u00f1ado desde tiendas bed\u2019s para facilitar tu b\u00fasqueda. Y por otro, la <\/span><a href=\"https:\/\/www.beds.es\/ropa-de-cama\/protector-de-colchon-antialergico-impermeable-y-transpirable-tx71667\"><span style=\"font-weight: 400;\">protecci\u00f3n de colch\u00f3n<\/span><\/a><span style=\"font-weight: 400;\"> que vas a elegir para garantizar su descanso m\u00e1s completo.\u00a0<\/span><\/p>\n<h3><span style=\"font-weight: 400;\">El saco de cuna\u00a0<\/span><\/h3>\n<ul>\n<li style=\"font-weight: 400;\" aria-level=\"1\"><span style=\"font-weight: 400;\">Este tipo de ropa de cama es s\u00faper recomendado para los <strong>beb\u00e9s de menos de un a\u00f1o<\/strong>. \u00bfPor qu\u00e9? Principalmente, porque, por su seguridad, para estas edades es mejor no cubrirlos con telas sueltas.\u00a0<\/span><\/li>\n<li style=\"font-weight: 400;\" aria-level=\"1\"><span style=\"font-weight: 400;\">Es la alternativa perfecta para reducir la cantidad de <strong>ropa de cama de invierno de la cuna<\/strong> de tu beb\u00e9.\u00a0<\/span><\/li>\n<li style=\"font-weight: 400;\" aria-level=\"1\"><span style=\"font-weight: 400;\">Son el complemento perfecto para protegerle totalmente <strong>contra el fr\u00edo<\/strong>.\u00a0<\/span><\/li>\n<\/ul>\n<p><span style=\"font-weight: 400;\">Un consejo: f\u00edjate en el tama\u00f1o del saco, ya que para conseguir el descanso \u00f3ptimo deber\u00e1 adecuarse a la longitud de tu beb\u00e9.<\/span><\/p>\n<h3><span style=\"font-weight: 400;\">Las s\u00e1banas y el edred\u00f3n de cuna\u00a0<\/span><\/h3>\n<ul>\n<li style=\"font-weight: 400;\" aria-level=\"1\"><span style=\"font-weight: 400;\">Esta opci\u00f3n es <strong>perfecta para los beb\u00e9s m\u00e1s calurosos<\/strong> porque puedes destaparle ligeramente de forma f\u00e1cil y sencilla. Adem\u00e1s, puedes personalizar la temperatura de su descanso gracias a los distintos grosores y materiales de los edredones. Como pasa con los edredones para camas de adultos.\u00a0<\/span><\/li>\n<li style=\"font-weight: 400;\" aria-level=\"1\"><span style=\"font-weight: 400;\">Se recomienda usar este tipo de <strong>ropa de cama<\/strong> a partir del a\u00f1o del ni\u00f1o.\u00a0<\/span><\/li>\n<li style=\"font-weight: 400;\" aria-level=\"1\"><span style=\"font-weight: 400;\">Es la soluci\u00f3n m\u00e1s higi\u00e9nica. En caso de manchado, simplemente tendr\u00e1s que<strong> lavar la s\u00e1bana encimera<\/strong> que es la que est\u00e1 en contacto con el beb\u00e9.\u00a0\u00a0<\/span><\/li>\n<\/ul>\n<p><span style=\"font-weight: 400;\">Recuerda que elijas el modelo que elijas, te recomendamos tener especial cuidado en <\/span><a href=\"https:\/\/beds.es\/blog\/blog\/la-habitacion-de-tu-bebe\/\" target=\"_blank\" rel=\"noopener\"><span style=\"font-weight: 400;\">la temperatura ambiente de la habitaci\u00f3n <\/span><\/a><span style=\"font-weight: 400;\">y en el pijama de tu hij@. Si es movido y da vueltas en la cama, es mejor que est\u00e9 protegido contra el fr\u00edo con un <strong>pijama calentito<\/strong> y de <strong>tejidos naturales<\/strong>.\u00a0\u00a0<\/span><\/p>\n<p><a href=\"https:\/\/www.instagram.com\/p\/CMejSLUrxaw\/\" target=\"_blank\" rel=\"noopener\"><span style=\"font-weight: 400;\">El descanso de los peque\u00f1os de la casa <\/span><\/a><span style=\"font-weight: 400;\">afecta a todos los miembros de la familia. Por eso, ahora que llega el invierno no dudes en elegir la forma que m\u00e1s encaje con sus necesidades de descanso y la m\u00e1s funcional para tod@s. \u00a1Duerme como un beb\u00e9 sabiendo que \u00e9l descansa completamente todas las noches!<\/span><\/p>\n<p><b>Si te ha resultado \u00fatil, \u00a1comp\u00e1rtelo!<\/b><\/p>\n","protected":false},"excerpt":{"rendered":"<p>Llega el fr\u00edo y con \u00e9l las dudas en cuanto al bienestar de los m\u00e1s peques; \u00bfc\u00f3mo abrigo a mi beb\u00e9 por las noches? \u00bfPasar\u00e1 fr\u00edo o pasar\u00e1 calor? No te preocupes, hoy te hablamos sobre los distintos tipos de ropa de cama para cuna.\u00a0<\/p>\n","protected":false},"author":6,"featured_media":401,"comment_status":"open","ping_status":"open","sticky":false,"template":"","format":"standard","meta":{"_acf_changed":false,"yasr_overall_rating":0,"yasr_post_is_review":"","yasr_auto_insert_disabled":"","yasr_review_type":"","footnotes":""},"categories":[2195],"tags":[2202],"class_list":["post-400","post","type-post","status-publish","format-standard","has-post-thumbnail","hentry","category-opiniones-rankings","tag-ropa-de-cama-y-complementos","generate-columns","tablet-grid-50","mobile-grid-100","grid-parent","grid-50"],"acf":[],"yasr_visitor_votes":{"stars_attributes":{"read_only":false,"span_bottom":false},"number_of_votes":0,"sum_votes":0},"_links":{"self":[{"href":"https:\/\/www.beds.es\/blog\/wp-json\/wp\/v2\/posts\/400","targetHints":{"allow":["GET"]}}],"collection":[{"href":"https:\/\/www.beds.es\/blog\/wp-json\/wp\/v2\/posts"}],"about":[{"href":"https:\/\/www.beds.es\/blog\/wp-json\/wp\/v2\/types\/post"}],"author":[{"embeddable":true,"href":"https:\/\/www.beds.es\/blog\/wp-json\/wp\/v2\/users\/6"}],"replies":[{"embeddable":true,"href":"https:\/\/www.beds.es\/blog\/wp-json\/wp\/v2\/comments?post=400"}],"version-history":[{"count":4,"href":"https:\/\/www.beds.es\/blog\/wp-json\/wp\/v2\/posts\/400\/revisions"}],"predecessor-version":[{"id":3516,"href":"https:\/\/www.beds.es\/blog\/wp-json\/wp\/v2\/posts\/400\/revisions\/3516"}],"wp:featuredmedia":[{"embeddable":true,"href":"https:\/\/www.beds.es\/blog\/wp-json\/wp\/v2\/media\/401"}],"wp:attachment":[{"href":"https:\/\/www.beds.es\/blog\/wp-json\/wp\/v2\/media?parent=400"}],"wp:term":[{"taxonomy":"category","embeddable":true,"href":"https:\/\/www.beds.es\/blog\/wp-json\/wp\/v2\/categories?post=400"},{"taxonomy":"post_tag","embeddable":true,"href":"https:\/\/www.beds.es\/blog\/wp-json\/wp\/v2\/tags?post=400"}],"curies":[{"name":"wp","href":"https:\/\/api.w.org\/{rel}","templated":true}]}}